{"id":2416,"date":"2026-04-29T04:43:45","date_gmt":"2026-04-29T04:43:45","guid":{"rendered":"https:\/\/cajatoolkit.com\/?p=2416"},"modified":"2026-04-29T04:43:45","modified_gmt":"2026-04-29T04:43:45","slug":"documental-reencuentro-y-el-legado-de-nosfaltan3","status":"publish","type":"post","link":"https:\/\/cajatoolkit.com\/index.php\/2026\/04\/29\/documental-reencuentro-y-el-legado-de-nosfaltan3\/","title":{"rendered":"Documental \u00abReencuentro\u00bb y el Legado de #NosFaltan3"},"content":{"rendered":"\n<p>La eficacia de una narrativa en 2026 no se mide por su viralidad ef\u00edmera, sino por su capacidad de sostener una verdad en el tiempo. El documental \u00abReencuentro\u00bb, realizado por Gabriela Ochoa y Ricardo Rivas, utiliza estas leyes para evitar que la tragedia de 2018 quede en el olvido.<\/p>\n\n\n\n<h2 class=\"wp-block-heading\">1. M\u00e9tricas de Impacto y Memoria Digital<\/h2>\n\n\n\n<p><br>En el contexto de derechos humanos y periodismo, las <a href=\"https:\/\/www.tableau.com\/es-mx\/learn\/articles\/vanity-metrics\">m\u00e9tricas de vanidad<\/a> deben interpretarse como alcance de conciencia.<\/p>\n\n\n\n<ol class=\"wp-block-list\"><\/ol>\n\n\n\n<figure class=\"wp-block-image size-full\"><img loading=\"lazy\" decoding=\"async\" width=\"752\" height=\"452\" src=\"https:\/\/cajatoolkit.com\/wp-content\/uploads\/2026\/04\/WhatsApp-Image-2026-04-15-at-11.05.24-AM.jpeg\" alt=\"\" class=\"wp-image-2461\" srcset=\"https:\/\/cajatoolkit.com\/wp-content\/uploads\/2026\/04\/WhatsApp-Image-2026-04-15-at-11.05.24-AM.jpeg 752w, https:\/\/cajatoolkit.com\/wp-content\/uploads\/2026\/04\/WhatsApp-Image-2026-04-15-at-11.05.24-AM-300x180.jpeg 300w\" sizes=\"auto, (max-width: 752px) 100vw, 752px\" \/><\/figure>\n\n\n\n<p><\/p>\n\n\n\n<h2 class=\"wp-block-heading\">2. An\u00e1lisis Estructurado: Las Leyes de la Marca<\/h2>\n\n\n\n<p>Bas\u00e1ndose en el libro Las Leyes de la Marca de Al y Laura Ries <\/p>\n\n\n\n<p>a. Prop\u00f3sito (La Raz\u00f3n de Existir)<\/p>\n\n\n\n<p>El prop\u00f3sito es la br\u00fajula \u00e9tica de la marca; no es qu\u00e9 vendes, sino por qu\u00e9 el mundo ser\u00eda peor si no estuvieras.<br>El prop\u00f3sito del documental y del movimiento es la reparaci\u00f3n y la verdad. En un entorno digital saturado, el uso del hashtag #NosFaltan3 no es solo una etiqueta de b\u00fasqueda, es una declaraci\u00f3n de principios que otorga a la marca (el proyecto period\u00edstico) una autoridad moral superior.<br>En Instagram, los hashtags de prop\u00f3sito como #NosFaltan3 conectan el documental con audiencias globales que defienden la libertad de prensa.<\/p>\n\n\n\n<p>b. Identidad Visual (M\u00e1s que un Logo)<\/p>\n\n\n\n<p>La identidad visual debe ser coherente y modular, permitiendo que la esencia de la marca se reconozca incluso sin ver el nombre.<br>Aplicaci\u00f3n al Caso: La iconograf\u00eda de los rostros de Pa\u00fal, Javier y Efra\u00edn se ha convertido en una marca visual global. El uso de colores sobrios y tipograf\u00edas directas en el documental refuerza la seriedad del mensaje.<br>El uso de hashtags visuales como #DerechosHumanos en 2026 ayuda a los algoritmos a agrupar est\u00e9ticas de fotoperiodismo serio, diferenci\u00e1ndolas del contenido de entretenimiento.<\/p>\n\n\n\n<p>c. Diferenciaci\u00f3n (Ser el \u00danico, no el Mejor)<\/p>\n\n\n\n<p>La marca debe ocupar un espacio mental \u00fanico. Si todos callan, la marca que habla se diferencia.<br>\u00abReencuentro\u00bb se diferencia por no ser un reportaje policial m\u00e1s, sino una pieza de storytelling humano. Mientras los medios tradicionales se enfocan en las cifras del conflicto en la frontera, esta narrativa se enfoca en el vac\u00edo que dejaron.<br>Hashtags como #Cortometraje separan este contenido del \u00abruido\u00bb informativo.<\/p>\n\n\n\n<p>d. Autenticidad (La Verdad sin Filtros)<\/p>\n\n\n\n<p>La autenticidad se basa en la vulnerabilidad y la honestidad. Las audiencias de 2026 detectan y rechazan lo que parece \u00abpreparado\u00bb o corporativo.<br>La narrativa es aut\u00e9ntica porque nace del dolor real de las familias y colegas. No intenta suavizar la tragedia. Esa honestidad es lo que genera una conexi\u00f3n profunda que los hashtags de apoyo org\u00e1nico reflejan en las secciones de comentarios.<br>El contenido que muestra el detr\u00e1s de c\u00e1mara de la investigaci\u00f3n period\u00edstica se etiqueta con #Cortometraje, validando la autenticidad de la fuente.<\/p>\n\n\n\n<p>e. Conflicto (El Motor de la Historia)<\/p>\n\n\n\n<p>El conflicto es indispensable. Una marca sin postura es una marca invisible. El conflicto genera tensi\u00f3n y, por ende, inter\u00e9s.<br>El conflicto aqu\u00ed es la lucha entre el silencio estatal y la b\u00fasqueda de justicia. El documental no es neutral; asume la postura de exigencia. Seg\u00fan el libro, \u00abel neutralismo ha muerto\u00bb, y este caso es el ejemplo m\u00e1ximo de c\u00f3mo una marca o causa gana fuerza al confrontar una injusticia.<br>El uso de hashtags confrontativos como #Impunidad crea una comunidad de marca activa que no solo observa, sino que participa del conflicto narrativo.<\/p>\n\n\n\n<p><\/p>\n","protected":false},"excerpt":{"rendered":"<p>Descubre c\u00f3mo una b\u00fasqueda por justicia se convirti\u00f3 en un movimiento social. <\/p>\n","protected":false},"author":86,"featured_media":2599,"comment_status":"open","ping_status":"open","sticky":false,"template":"","format":"standard","meta":{"advanced_seo_description":"","jetpack_seo_html_title":"","jetpack_seo_noindex":false,"jetpack_post_was_ever_published":false,"_jetpack_newsletter_access":"","_jetpack_dont_email_post_to_subs":false,"_jetpack_newsletter_tier_id":0,"_jetpack_memberships_contains_paywalled_content":false,"_jetpack_memberships_contains_paid_content":false,"footnotes":"","jetpack_publicize_message":"","jetpack_publicize_feature_enabled":true,"jetpack_social_post_already_shared":true,"jetpack_social_options":{"image_generator_settings":{"template":"highway","default_image_id":0,"font":"","enabled":false},"version":2}},"categories":[1,391],"tags":[11,483,434,439],"class_list":["post-2416","post","type-post","status-publish","format-standard","has-post-thumbnail","hentry","category-uncategorized","category-storytelling-2026","tag-ecuador","tag-marca","tag-nosfaltan3","tag-periodismo"],"jetpack_publicize_connections":[],"jetpack_featured_media_url":"https:\/\/cajatoolkit.com\/wp-content\/uploads\/2026\/04\/images-9.jpg","jetpack_likes_enabled":true,"jetpack_sharing_enabled":true,"jetpack-related-posts":[],"_links":{"self":[{"href":"https:\/\/cajatoolkit.com\/index.php\/wp-json\/wp\/v2\/posts\/2416","targetHints":{"allow":["GET"]}}],"collection":[{"href":"https:\/\/cajatoolkit.com\/index.php\/wp-json\/wp\/v2\/posts"}],"about":[{"href":"https:\/\/cajatoolkit.com\/index.php\/wp-json\/wp\/v2\/types\/post"}],"author":[{"embeddable":true,"href":"https:\/\/cajatoolkit.com\/index.php\/wp-json\/wp\/v2\/users\/86"}],"replies":[{"embeddable":true,"href":"https:\/\/cajatoolkit.com\/index.php\/wp-json\/wp\/v2\/comments?post=2416"}],"version-history":[{"count":2,"href":"https:\/\/cajatoolkit.com\/index.php\/wp-json\/wp\/v2\/posts\/2416\/revisions"}],"predecessor-version":[{"id":2600,"href":"https:\/\/cajatoolkit.com\/index.php\/wp-json\/wp\/v2\/posts\/2416\/revisions\/2600"}],"wp:featuredmedia":[{"embeddable":true,"href":"https:\/\/cajatoolkit.com\/index.php\/wp-json\/wp\/v2\/media\/2599"}],"wp:attachment":[{"href":"https:\/\/cajatoolkit.com\/index.php\/wp-json\/wp\/v2\/media?parent=2416"}],"wp:term":[{"taxonomy":"category","embeddable":true,"href":"https:\/\/cajatoolkit.com\/index.php\/wp-json\/wp\/v2\/categories?post=2416"},{"taxonomy":"post_tag","embeddable":true,"href":"https:\/\/cajatoolkit.com\/index.php\/wp-json\/wp\/v2\/tags?post=2416"}],"curies":[{"name":"wp","href":"https:\/\/api.w.org\/{rel}","templated":true}]}}