{"id":2436,"date":"2026-04-26T03:43:17","date_gmt":"2026-04-26T03:43:17","guid":{"rendered":"https:\/\/cajatoolkit.com\/?p=2436"},"modified":"2026-04-26T05:04:57","modified_gmt":"2026-04-26T05:04:57","slug":"analisis-metricas-cortometraje-reencuentro","status":"publish","type":"post","link":"https:\/\/cajatoolkit.com\/index.php\/2026\/04\/26\/analisis-metricas-cortometraje-reencuentro\/","title":{"rendered":"An\u00e1lisis del cortometraje \u00abReencuentro\u00bb desde las leyes de marca"},"content":{"rendered":"\n<p>El cortometraje \u00abReencuentro\u00bb se posiciona como una pieza audiovisual que trasciende lo informativo para convertirse en un ejercicio de memoria, identidad y reconstrucci\u00f3n emocional. A trav\u00e9s de su narrativa, no solo cuenta una historia, sino que construye una conexi\u00f3n profunda con el espectador, apelando a la empat\u00eda y a la reflexi\u00f3n social.<\/p>\n\n\n\n<h2 class=\"wp-block-heading\">M\u00e9tricas de vanidad<\/h2>\n\n\n\n<p>A partir del an\u00e1lisis de presencia digital y difusi\u00f3n del cortometraje, se identifican los siguientes indicadores: <\/p>\n\n\n\n<p><strong>Uso de etiquetas (TAG&#8217;s)<\/strong><\/p>\n\n\n\n<p>El an\u00e1lisis de etiquetas en la difusi\u00f3n del cortometraje evidencia una fuerte carga simb\u00f3lica y narrativa. La frase <a href=\"https:\/\/www.youtube.com\/watch?v=f2a-QPHnn7U\" target=\"_blank\" rel=\"noreferrer noopener\">\u00abNos faltan 3\u00bb<\/a> aparece como el tag predominante, concentrando la mayor\u00eda de menciones, mientras que otros como \u00abPeriodistas asesinados\u00bb, \u00abCortometraje\u00bb y \u00abReencuentro\u00bb tienen una presencia m\u00e1s limitada.<\/p>\n\n\n\n<figure class=\"wp-block-image aligncenter size-full\"><img loading=\"lazy\" decoding=\"async\" width=\"572\" height=\"358\" src=\"https:\/\/cajatoolkit.com\/wp-content\/uploads\/2026\/04\/image-39.png\" alt=\"\" class=\"wp-image-2583\" srcset=\"https:\/\/cajatoolkit.com\/wp-content\/uploads\/2026\/04\/image-39.png 572w, https:\/\/cajatoolkit.com\/wp-content\/uploads\/2026\/04\/image-39-300x188.png 300w\" sizes=\"auto, (max-width: 572px) 100vw, 572px\" \/><\/figure>\n\n\n\n<p><strong>Fuentes de difusi\u00f3n<\/strong><\/p>\n\n\n\n<p>La circulaci\u00f3n del contenido se apoya principalmente en medios de comunicaci\u00f3n tradicionales como: <\/p>\n\n\n\n<ul class=\"wp-block-list\">\n<li><a href=\"https:\/\/www.expreso.ec\/\" target=\"_blank\" rel=\"noreferrer noopener\">Diario Expreso<\/a><\/li>\n\n\n\n<li><a href=\"https:\/\/www.instagram.com\/lapostaec\/\" target=\"_blank\" rel=\"noreferrer noopener\">La Posta<\/a><\/li>\n\n\n\n<li><a href=\"https:\/\/www.elcomercio.com\/\" target=\"_blank\" rel=\"noreferrer noopener\">El Comercio <\/a><\/li>\n\n\n\n<li>\u00daltimas Noticias<\/li>\n\n\n\n<li><a href=\"https:\/\/www.vistazo.com\/\" target=\"_blank\" rel=\"noreferrer noopener\">Vistazo<\/a><\/li>\n<\/ul>\n\n\n\n<p>Esto evidencia una amplificaci\u00f3n medi\u00e1tica tradicional, m\u00e1s que viralidad org\u00e1nica. <\/p>\n\n\n\n<figure class=\"wp-block-image aligncenter size-full\"><img loading=\"lazy\" decoding=\"async\" width=\"476\" height=\"285\" src=\"https:\/\/cajatoolkit.com\/wp-content\/uploads\/2026\/04\/image-41.png\" alt=\"\" class=\"wp-image-2585\" srcset=\"https:\/\/cajatoolkit.com\/wp-content\/uploads\/2026\/04\/image-41.png 476w, https:\/\/cajatoolkit.com\/wp-content\/uploads\/2026\/04\/image-41-300x180.png 300w\" sizes=\"auto, (max-width: 476px) 100vw, 476px\" \/><\/figure>\n\n\n\n<p><strong>Plataformas utilizadas<\/strong><\/p>\n\n\n\n<p>La distribuci\u00f3n se concentra principalmente en entornos informativos (web), con menor presencia en redes sociales, lo que sugiere una estrategia m\u00e1s institucional que viral.<\/p>\n\n\n\n<figure class=\"wp-block-image aligncenter size-full\"><img loading=\"lazy\" decoding=\"async\" width=\"569\" height=\"353\" src=\"https:\/\/cajatoolkit.com\/wp-content\/uploads\/2026\/04\/image-40.png\" alt=\"\" class=\"wp-image-2584\" srcset=\"https:\/\/cajatoolkit.com\/wp-content\/uploads\/2026\/04\/image-40.png 569w, https:\/\/cajatoolkit.com\/wp-content\/uploads\/2026\/04\/image-40-300x186.png 300w\" sizes=\"auto, (max-width: 569px) 100vw, 569px\" \/><\/figure>\n\n\n\n<ul class=\"wp-block-list\">\n<li>P\u00e1gina web: 28 registros<\/li>\n\n\n\n<li>X (Twitter): 3 registros<\/li>\n\n\n\n<li>Instagram: 1 registro<\/li>\n<\/ul>\n\n\n\n<h2 class=\"wp-block-heading\">An\u00e1lisis desde \u00abLas Leyes del Protagonista\u00bb<\/h2>\n\n\n\n<p><strong>Prop\u00f3sito<\/strong><\/p>\n\n\n\n<p>El cortometraje tiene el prop\u00f3sito de visibilizar una realidad dolorosa y generar memoria colectiva. La historia sabe qui\u00e9n es y qu\u00e9 quiere decir. No intenta ser entretenimiento, sino una herramienta de conciencia social<\/p>\n\n\n\n<p><strong>Identidad visual<\/strong><\/p>\n\n\n\n<p>Su identidad visual es sobria, emocional y realista. Predominan tonos que evocan nostalgia y seriedad, reforzando el mensaje. No hay excesos de artificio, lo que permite que la historia se sienta m\u00e1s aut\u00e9ntica. <\/p>\n\n\n\n<p><strong>Diferenciaci\u00f3n<\/strong><\/p>\n\n\n\n<p>A diferencia de otros contenidos sobre violencia o memoria, \u00abReencuentro\u00bb no se centra solo en el hecho, sino en la emoci\u00f3n del reencuentro y la ausencia.<\/p>\n\n\n\n<p>Su valor diferencial est\u00e1 en: <\/p>\n\n\n\n<ul class=\"wp-block-list\">\n<li>La humanizaci\u00f3n de las v\u00edctimas<\/li>\n\n\n\n<li>La construcci\u00f3n emocional m\u00e1s que informativa<\/li>\n\n\n\n<li>El enfoque \u00edntimo en lugar de sensacionalista<\/li>\n<\/ul>\n\n\n\n<p><strong>Autenticidad<\/strong><\/p>\n\n\n\n<p>Uno de los puntos m\u00e1s fuertes del cortometraje. Porque no hay sobreproducci\u00f3n innecesaria, el relato se siente honesto y genera identificaci\u00f3n real con el espectador. No parece un producto, sino una experiencia. <\/p>\n\n\n\n<p><strong>Conflicto<\/strong><\/p>\n\n\n\n<p>El conflicto es el eje central del <a href=\"https:\/\/escuela.marketingandweb.es\/que-es-storytelling\/\" target=\"_blank\" rel=\"noreferrer noopener\">storytelling<\/a>:<\/p>\n\n\n\n<ul class=\"wp-block-list\">\n<li>La ausencia de los periodistas<\/li>\n\n\n\n<li>La violencia estructural<\/li>\n\n\n\n<li>El dolor de las familias<\/li>\n<\/ul>\n\n\n\n<p>Este conflicto no solo est\u00e1 presente, sino que sostiene toda la narrativa, generando tensi\u00f3n emocional y sentido. <\/p>\n\n\n\n<h2 class=\"wp-block-heading\">Conclusi\u00f3n<\/h2>\n\n\n\n<p>\u00abReencuentro\u00bb demuestra que el storytelling efectivo no depende \u00fanicamente de recursos t\u00e9cnico, sino de claridad en su prop\u00f3sito y coherencia en su construcci\u00f3n. Desde la perspectiva de marca, el cortometraje logra: definir claramente su identidad, diferenciarse desde la emoci\u00f3n, construir autenticidad, generar impacto a partir del conflicto. Es una pieza que no busca solo ser vista, sino sentida y recordada.<\/p>\n","protected":false},"excerpt":{"rendered":"<p>El cortometraje \u00abReencuentro\u00bb<br \/>\n trasciende lo audiovisual para convertirse en un ejercicio de memoria y conexi\u00f3n emocional. A trav\u00e9s de un an\u00e1lisis basado en las leyes de marca, este art\u00edculo explora c\u00f3mo su narrativa construye prop\u00f3sito, autenticidad y diferenciaci\u00f3n, logrando no solo informar, sino generar un impacto profundo en el espectador.<\/p>\n","protected":false},"author":87,"featured_media":2586,"comment_status":"open","ping_status":"open","sticky":false,"template":"","format":"standard","meta":{"advanced_seo_description":"","jetpack_seo_html_title":"","jetpack_seo_noindex":false,"jetpack_post_was_ever_published":false,"_jetpack_newsletter_access":"","_jetpack_dont_email_post_to_subs":false,"_jetpack_newsletter_tier_id":0,"_jetpack_memberships_contains_paywalled_content":false,"_jetpack_memberships_contains_paid_content":false,"footnotes":"","jetpack_publicize_message":"","jetpack_publicize_feature_enabled":true,"jetpack_social_post_already_shared":true,"jetpack_social_options":{"image_generator_settings":{"template":"highway","default_image_id":0,"font":"","enabled":false},"version":2}},"categories":[391],"tags":[481,444,443,306],"class_list":["post-2436","post","type-post","status-publish","format-standard","has-post-thumbnail","hentry","category-storytelling-2026","tag-analsis","tag-periodistas","tag-reencuentro","tag-storytelling"],"jetpack_publicize_connections":[],"jetpack_featured_media_url":"https:\/\/cajatoolkit.com\/wp-content\/uploads\/2026\/04\/01_Nos-faltan-tres_Thumbnail.jpg","jetpack_likes_enabled":true,"jetpack_sharing_enabled":true,"jetpack-related-posts":[],"_links":{"self":[{"href":"https:\/\/cajatoolkit.com\/index.php\/wp-json\/wp\/v2\/posts\/2436","targetHints":{"allow":["GET"]}}],"collection":[{"href":"https:\/\/cajatoolkit.com\/index.php\/wp-json\/wp\/v2\/posts"}],"about":[{"href":"https:\/\/cajatoolkit.com\/index.php\/wp-json\/wp\/v2\/types\/post"}],"author":[{"embeddable":true,"href":"https:\/\/cajatoolkit.com\/index.php\/wp-json\/wp\/v2\/users\/87"}],"replies":[{"embeddable":true,"href":"https:\/\/cajatoolkit.com\/index.php\/wp-json\/wp\/v2\/comments?post=2436"}],"version-history":[{"count":4,"href":"https:\/\/cajatoolkit.com\/index.php\/wp-json\/wp\/v2\/posts\/2436\/revisions"}],"predecessor-version":[{"id":2582,"href":"https:\/\/cajatoolkit.com\/index.php\/wp-json\/wp\/v2\/posts\/2436\/revisions\/2582"}],"wp:featuredmedia":[{"embeddable":true,"href":"https:\/\/cajatoolkit.com\/index.php\/wp-json\/wp\/v2\/media\/2586"}],"wp:attachment":[{"href":"https:\/\/cajatoolkit.com\/index.php\/wp-json\/wp\/v2\/media?parent=2436"}],"wp:term":[{"taxonomy":"category","embeddable":true,"href":"https:\/\/cajatoolkit.com\/index.php\/wp-json\/wp\/v2\/categories?post=2436"},{"taxonomy":"post_tag","embeddable":true,"href":"https:\/\/cajatoolkit.com\/index.php\/wp-json\/wp\/v2\/tags?post=2436"}],"curies":[{"name":"wp","href":"https:\/\/api.w.org\/{rel}","templated":true}]}}