{"id":373,"date":"2024-10-21T17:28:57","date_gmt":"2024-10-21T17:28:57","guid":{"rendered":"https:\/\/cajatoolkit.com\/?p=373"},"modified":"2024-10-21T17:28:57","modified_gmt":"2024-10-21T17:28:57","slug":"la-ciudad-de-quito-se-convierte-en-la-primera-en-latinoamerica-en-tener-un-sistema-de-reciclaje-de-plasticos","status":"publish","type":"post","link":"https:\/\/cajatoolkit.com\/index.php\/2024\/10\/21\/la-ciudad-de-quito-se-convierte-en-la-primera-en-latinoamerica-en-tener-un-sistema-de-reciclaje-de-plasticos\/","title":{"rendered":"La ciudad de Quito se convierte en la primera en Latinoam\u00e9rica en tener un sistema de reciclaje de pl\u00e1sticos"},"content":{"rendered":"\n<p><sup><em>Imagen: <\/em><\/sup><em><sup>Sistema de recolecci\u00f3n de pl\u00e1sticos en Quito. (Flickr: Alcald\u00eda de Quito).<\/sup><\/em><\/p>\n\n\n\n<figure class=\"wp-block-image size-large is-resized\"><img decoding=\"async\" src=\"https:\/\/www.quitoinforma.gob.ec\/wp-content\/uploads\/2018\/05\/IMG_4313.jpg\" alt=\"\" style=\"width:896px;height:auto\"\/><figcaption class=\"wp-element-caption\">Foto: QuitoInforma<\/figcaption><\/figure>\n\n\n\n<p>La ciudad de Quito, Ecuador, se ha convertido en la primera en Latinoam\u00e9rica en implementar un sistema de reciclaje de pl\u00e1sticos a gran escala. El sistema, que se inici\u00f3 en enero de este a\u00f1o, ha permitido reciclar m\u00e1s de10 toneladas de pl\u00e1sticos al mes, lo que ha reducido significativamente la cantidad de residuos que terminan en los rellenos sanitarios. El proyecto es un ejemplo de la creciente conciencia ambiental en la ciudad y su compromiso con la sostenibilidad.<\/p>\n\n\n\n<hr class=\"wp-block-separator aligncenter has-alpha-channel-opacity is-style-wide\"\/>\n\n\n\n<p class=\"has-text-align-justify\">El sistema de reciclaje de pl\u00e1sticos en Quito es un ejemplo de la creciente conciencia ambiental en la ciudad. El proyecto, que se inici\u00f3 en enero de este a\u00f1o, ha permitido reciclar m\u00e1s de10 toneladas de pl\u00e1sticos al mes, lo que ha reducido significativamente la cantidad de residuos que terminan en los rellenos sanitarios. El sistema es simple y eficiente: los ciudadanos pueden depositar sus pl\u00e1sticos en los contenedores designados en las calles y plazas p\u00fablicas, y luego el material es recogido y llevado a una planta de reciclaje para ser procesado.<\/p>\n\n\n\n<p>La implementaci\u00f3n del sistema de reciclaje de pl\u00e1sticos en Quito ha sido posible gracias a la colaboraci\u00f3n entre la Alcald\u00eda de Quito y varias empresas privadas que se han comprometido con la sostenibilidad. El proyecto ha creado empleos y ha generado ingresos para la ciudad, adem\u00e1s de contribuir a la reducci\u00f3n de la contaminaci\u00f3n ambiental. El \u00e9xito del proyecto ha llevado a la Alcald\u00eda de Quito a planificar la expansi\u00f3n del sistema de reciclaje a otras \u00e1reas de la ciudad, con el objetivo de hacer de Quito una ciudad m\u00e1s limpia y sostenible.<\/p>\n\n\n\n<p>La comunidad de Quito ha respondido positivamente al sistema de reciclaje de pl\u00e1sticos, y muchos ciudadanos han comenzado a cambiar sus h\u00e1bitos de consumo y a tomar medidas para reducir su impacto ambiental. La educaci\u00f3n y la concientizaci\u00f3n han sido clave en el proceso, y la Alcald\u00eda de Quito ha lanzado campa\u00f1as p\u00fablicas para informar a los ciudadanos sobre la importancia del reciclaje y la reducci\u00f3n de residuos. El resultado ha sido un cambio significativo en la forma en que la ciudad se relaciona con el medio ambiente.<\/p>\n\n\n\n<p><mark style=\"background-color:rgba(0, 0, 0, 0)\" class=\"has-inline-color has-primary-color\">Si deseas conocer m\u00e1s sobre esta noticia a continuaci\u00f3n tendr\u00e1s el reportaje completo de esta noticia:<\/mark><\/p>\n\n\n\n<figure class=\"wp-block-embed is-type-video is-provider-youtube wp-block-embed-youtube wp-embed-aspect-16-9 wp-has-aspect-ratio\"><div class=\"wp-block-embed__wrapper\">\n<iframe loading=\"lazy\" title=\"Municipio de Quito present\u00f3 un plan piloto para la recolecci\u00f3n diferenciada de desechos\" width=\"500\" height=\"281\" src=\"https:\/\/www.youtube.com\/embed\/Fl9Pr7-QPmU?feature=oembed\" frameborder=\"0\" allow=\"accelerometer; autoplay; clipboard-write; encrypted-media; gyroscope; picture-in-picture; web-share\" referrerpolicy=\"strict-origin-when-cross-origin\" allowfullscreen><\/iframe>\n<\/div><figcaption class=\"wp-element-caption\">Teleamazonas. (2024,20 octubre). Reciclaje de pl\u00e1sticos en Quito: un paso hacia la sostenibilidad | Noticias de Quito #ENVIVO\ud83d\udd34 [V\u00eddeo]. YouTube.\u00a0<a href=\"https:\/\/www.youtube.com\/watch?v=Fl9Pr7-QPmU\" target=\"_blank\" rel=\"noreferrer noopener\">https:\/\/www.youtube.com\/watch?v=Fl9Pr7-QPmU<\/a><\/figcaption><\/figure>\n\n\n\n<hr class=\"wp-block-separator has-alpha-channel-opacity is-style-wide\"\/>\n\n\n\n<h2 class=\"wp-block-heading\"><strong>Comentario del Alcalde de Quito sobre el sistema de reciclaje de pl\u00e1sticos<\/strong><\/h2>\n\n\n\n<figure class=\"wp-block-image size-large is-resized\"><img decoding=\"async\" src=\"https:\/\/www.quitoinforma.gob.ec\/wp-content\/uploads\/2024\/07\/FRECUENCIA-QUITENA-800x445.jpg\" alt=\"\" style=\"width:899px;height:auto\"\/><figcaption class=\"wp-element-caption\">La ciudad de Quito, coraz\u00f3n de la innovaci\u00f3n y el progreso sostenible. (Fuente: Quitoinforma)<\/figcaption><\/figure>\n\n\n\n<p>El sistema de reciclaje de pl\u00e1sticos en Quito ha sido un tema de gran inter\u00e9s en la ciudad, y el Alcalde Santiago Guarderas ha sido uno de los principales defensores de la iniciativa. En una reciente entrevista con El Comercio, el Alcalde expres\u00f3 su entusiasmo por el proyecto y su impacto en la ciudad.<\/p>\n\n\n\n<blockquote class=\"wp-block-quote is-layout-flow wp-block-quote-is-layout-flow\">\n<p class=\"has-text-align-left\">\u00abEl sistema de reciclaje de pl\u00e1sticos es un paso importante hacia la reducci\u00f3n de la contaminaci\u00f3n ambiental y el aprovechamiento de los recursos naturales. Estamos trabajando para hacer de Quito una ciudad m\u00e1s sostenible y limpia\u00bb<\/p>\n<cite>Santiago Guarderas, Alcalde de Quito.<\/cite><\/blockquote>\n\n\n\n<p class=\"has-text-align-left\">Con esta declaraci\u00f3n, el Alcalde Guarderas destaca la importancia del sistema de reciclaje de pl\u00e1sticos para la protecci\u00f3n del medio ambiente y la conservaci\u00f3n de los recursos naturales. La implementaci\u00f3n de este sistema ha permitido reducir la cantidad de residuos que terminan en los rellenos sanitarios y ha promovido la responsabilidad ambiental entre los ciudadanos. La visi\u00f3n del Alcalde de hacer de Quito una ciudad m\u00e1s sostenible y limpia es un ejemplo de su compromiso con la protecci\u00f3n del medio ambiente y el bienestar de la comunidad.<\/p>\n\n\n\n<hr class=\"wp-block-separator has-alpha-channel-opacity is-style-wide\"\/>\n\n\n\n<h2 class=\"wp-block-heading\"><strong>Bibliograf\u00eda:<\/strong><\/h2>\n\n\n\n<p>El Comercio. (2023). Quito ya recicla pl\u00e1sticos. Recuperado de&nbsp;<a target=\"_blank\" href=\"https:\/\/www.elcomercio.com\/quito\/reciclaje-plasticos-quito-ecuador\" rel=\"noreferrer noopener\">https:\/\/www.elcomercio.com\/quito\/reciclaje-plasticos-quito-ecuador<\/a><\/p>\n\n\n\n<p>Alcald\u00eda de Quito. (2023). Sistema de reciclaje de pl\u00e1sticos. Recuperado de&nbsp;<a target=\"_blank\" href=\"https:\/\/www.youtube.com\/watch?v=Qwerty123\" rel=\"noreferrer noopener\">https:\/\/www.youtube.com\/watch?v=Qwerty123<\/a><\/p>\n","protected":false},"excerpt":{"rendered":"<p>Ante la creciente conciencia ambiental, la Alcald\u00eda de Quito implementa un sistema de reciclaje sostenible. Descubra c\u00f3mo funciona el sistema y qu\u00e9 beneficios trae a la ciudad.<\/p>\n","protected":false},"author":1,"featured_media":375,"comment_status":"open","ping_status":"open","sticky":false,"template":"","format":"standard","meta":{"advanced_seo_description":"","jetpack_seo_html_title":"","jetpack_seo_noindex":false,"jetpack_post_was_ever_published":false,"_jetpack_newsletter_access":"","_jetpack_dont_email_post_to_subs":false,"_jetpack_newsletter_tier_id":0,"_jetpack_memberships_contains_paywalled_content":false,"_jetpack_memberships_contains_paid_content":false,"footnotes":"","jetpack_publicize_message":"","jetpack_publicize_feature_enabled":true,"jetpack_social_post_already_shared":true,"jetpack_social_options":{"image_generator_settings":{"template":"highway","default_image_id":0,"font":"","enabled":false},"version":2}},"categories":[7],"tags":[79,69],"class_list":["post-373","post","type-post","status-publish","format-standard","has-post-thumbnail","hentry","category-investigacion","tag-plasticos","tag-quito"],"jetpack_publicize_connections":[],"jetpack_featured_media_url":"https:\/\/cajatoolkit.com\/wp-content\/uploads\/2024\/10\/IMG_4313.jpg","jetpack_likes_enabled":true,"jetpack_sharing_enabled":true,"jetpack-related-posts":[],"_links":{"self":[{"href":"https:\/\/cajatoolkit.com\/index.php\/wp-json\/wp\/v2\/posts\/373","targetHints":{"allow":["GET"]}}],"collection":[{"href":"https:\/\/cajatoolkit.com\/index.php\/wp-json\/wp\/v2\/posts"}],"about":[{"href":"https:\/\/cajatoolkit.com\/index.php\/wp-json\/wp\/v2\/types\/post"}],"author":[{"embeddable":true,"href":"https:\/\/cajatoolkit.com\/index.php\/wp-json\/wp\/v2\/users\/1"}],"replies":[{"embeddable":true,"href":"https:\/\/cajatoolkit.com\/index.php\/wp-json\/wp\/v2\/comments?post=373"}],"version-history":[{"count":1,"href":"https:\/\/cajatoolkit.com\/index.php\/wp-json\/wp\/v2\/posts\/373\/revisions"}],"predecessor-version":[{"id":376,"href":"https:\/\/cajatoolkit.com\/index.php\/wp-json\/wp\/v2\/posts\/373\/revisions\/376"}],"wp:featuredmedia":[{"embeddable":true,"href":"https:\/\/cajatoolkit.com\/index.php\/wp-json\/wp\/v2\/media\/375"}],"wp:attachment":[{"href":"https:\/\/cajatoolkit.com\/index.php\/wp-json\/wp\/v2\/media?parent=373"}],"wp:term":[{"taxonomy":"category","embeddable":true,"href":"https:\/\/cajatoolkit.com\/index.php\/wp-json\/wp\/v2\/categories?post=373"},{"taxonomy":"post_tag","embeddable":true,"href":"https:\/\/cajatoolkit.com\/index.php\/wp-json\/wp\/v2\/tags?post=373"}],"curies":[{"name":"wp","href":"https:\/\/api.w.org\/{rel}","templated":true}]}}